{"id":2872,"date":"2023-11-14T08:21:32","date_gmt":"2023-11-14T07:21:32","guid":{"rendered":"https:\/\/www.climatesigns.nl\/2023\/11\/14\/primeiro-sinal-de-transito-sustentavel-em-krimpen\/"},"modified":"2024-09-19T19:48:30","modified_gmt":"2024-09-19T17:48:30","slug":"primeiro-sinal-de-transito-sustentavel-em-krimpen","status":"publish","type":"post","link":"https:\/\/www.climatesigns.nl\/pt-pt\/2023\/11\/14\/primeiro-sinal-de-transito-sustentavel-em-krimpen\/","title":{"rendered":"Primeiro sinal de tr\u00e2nsito sustent\u00e1vel em Krimpen"},"content":{"rendered":"\n<p><br\/>Sinal de tr\u00e2nsito feito de pl\u00e1stico reciclado At\u00e9 agora, todos os sinais de tr\u00e2nsito em Krimpen eram feitos de alum\u00ednio.\nA partir de agora, passa a ser de pl\u00e1stico reciclado.\nFeito de pl\u00e1stico velho.\nPor exemplo, de um para-choques de um carro velho ou de um contentor de lixo com rodas.\nTodo o pl\u00e1stico vem dos Pa\u00edses Baixos, onde tamb\u00e9m s\u00e3o feitos os sinais.\nPodes ver a diferen\u00e7a principalmente na parte de tr\u00e1s da placa.     <br\/><br\/>A produ\u00e7\u00e3o de sinais de tr\u00e2nsito sustent\u00e1veis custa menos 70% de CO\u00b2 do que os sinais feitos de alum\u00ednio.\nAl\u00e9m disso, o pl\u00e1stico pode ser totalmente reutilizado mais tarde.\nPodes ver na parte de tr\u00e1s do sinal de tr\u00e2nsito que \u00e9 feito de pl\u00e1stico.  <\/p>\n\n<p><br\/>Substitui\u00e7\u00e3o passo a passo Vamos come\u00e7ar a substituir os sinais de tr\u00e2nsito no bairro de Oud Krimpen.\nO munic\u00edpio come\u00e7ar\u00e1 por verificar quais os sinais que precisam de ser substitu\u00eddos.\nNaturalmente, substitu\u00edmos os sinais de tr\u00e2nsito apenas quando necess\u00e1rio.\nIsto pode dever-se \u00e0 idade ou a actos de vandalismo, por exemplo.\nDesta forma, estamos a tornar Krimpen aan den IJssel mais sustent\u00e1vel, passo a passo.    <\/p>\n\n<div style=\"height:100px\" aria-hidden=\"true\" class=\"wp-block-spacer\"><\/div>\n","protected":false},"excerpt":{"rendered":"<p>Desde hoje, o primeiro sinal de tr\u00e2nsito sustent\u00e1vel est\u00e1 instalado em Krimpen.<br \/>\nO vereador John Janson, do departamento de Tr\u00e2nsito e Transportes, e Wubbo Tempel, do departamento de Sustentabilidade, inauguraram-no.<br \/>\nCom sinais de tr\u00e2nsito feitos de pl\u00e1stico reciclado, estamos a tornar o espa\u00e7o exterior de Krimpen um passo mais sustent\u00e1vel.  <\/p>\n","protected":false},"author":1,"featured_media":2875,"comment_status":"open","ping_status":"open","sticky":false,"template":"","format":"standard","meta":{"_gspb_post_css":"","footnotes":""},"categories":[124],"tags":[],"class_list":["post-2872","post","type-post","status-publish","format-standard","has-post-thumbnail","hentry","category-sinais-de-transito"],"_links":{"self":[{"href":"https:\/\/www.climatesigns.nl\/pt-pt\/wp-json\/wp\/v2\/posts\/2872","targetHints":{"allow":["GET"]}}],"collection":[{"href":"https:\/\/www.climatesigns.nl\/pt-pt\/wp-json\/wp\/v2\/posts"}],"about":[{"href":"https:\/\/www.climatesigns.nl\/pt-pt\/wp-json\/wp\/v2\/types\/post"}],"author":[{"embeddable":true,"href":"https:\/\/www.climatesigns.nl\/pt-pt\/wp-json\/wp\/v2\/users\/1"}],"replies":[{"embeddable":true,"href":"https:\/\/www.climatesigns.nl\/pt-pt\/wp-json\/wp\/v2\/comments?post=2872"}],"version-history":[{"count":2,"href":"https:\/\/www.climatesigns.nl\/pt-pt\/wp-json\/wp\/v2\/posts\/2872\/revisions"}],"predecessor-version":[{"id":2879,"href":"https:\/\/www.climatesigns.nl\/pt-pt\/wp-json\/wp\/v2\/posts\/2872\/revisions\/2879"}],"wp:featuredmedia":[{"embeddable":true,"href":"https:\/\/www.climatesigns.nl\/pt-pt\/wp-json\/wp\/v2\/media\/2875"}],"wp:attachment":[{"href":"https:\/\/www.climatesigns.nl\/pt-pt\/wp-json\/wp\/v2\/media?parent=2872"}],"wp:term":[{"taxonomy":"category","embeddable":true,"href":"https:\/\/www.climatesigns.nl\/pt-pt\/wp-json\/wp\/v2\/categories?post=2872"},{"taxonomy":"post_tag","embeddable":true,"href":"https:\/\/www.climatesigns.nl\/pt-pt\/wp-json\/wp\/v2\/tags?post=2872"}],"curies":[{"name":"wp","href":"https:\/\/api.w.org\/{rel}","templated":true}]}}