{"id":5683,"date":"2023-10-01T10:06:31","date_gmt":"2023-10-01T08:06:31","guid":{"rendered":"https:\/\/www.climatesigns.nl\/2023\/10\/01\/gron-kraft-hos-climate-signs\/"},"modified":"2025-06-30T15:35:00","modified_gmt":"2025-06-30T13:35:00","slug":"gron-kraft-hos-climate-signs","status":"publish","type":"post","link":"https:\/\/www.climatesigns.nl\/sv\/2023\/10\/01\/gron-kraft-hos-climate-signs\/","title":{"rendered":"Gr\u00f6n kraft hos Climate Signs"},"content":{"rendered":"\n<p>Visste du att&#8230;<\/p>\n\n<ul class=\"wp-block-list\">\n<li>\u00c4r solpaneler alltid l\u00f6nsamma? \u00c4ven under molniga eller m\u00f6rka dagar. Mellan mars och september ger solpaneler den h\u00f6gsta avkastningen, vilket \u00e4r 75% av den totala \u00e5rliga energiproduktionen.  <\/li>\n\n\n\n<li>99% av den f\u00f6rnybara energin p\u00e5 jorden \u00e4r solenergi? Solen har trots allt en stor r\u00e4ckvidd och dess m\u00e4ngd \u00e4r cirka 9000 g\u00e5nger st\u00f6rre \u00e4n energibehovet hos alla jordens inv\u00e5nare tillsammans.   <\/li>\n\n\n\n<li>Solen avger lika mycket energi p\u00e5 1 timme som anv\u00e4nds i hela v\u00e4rlden p\u00e5 1 \u00e5r?<\/li>\n\n\n\n<li>Solpaneler har ocks\u00e5 anv\u00e4nts i rymdf\u00e4rder sedan 1958? Till exempel anv\u00e4nder m\u00e5nga satelliter och \u00e4ven den internationella rymdstationen solenergi. <\/li>\n\n\n\n<li>Solenergi prioriteras alltid f\u00f6r f\u00f6rbrukning? P\u00e5 s\u00e5 s\u00e4tt f\u00f6rbrukas den producerade elen f\u00f6rst och registreras inte av n\u00e4toperat\u00f6rens m\u00e4tare.   <\/li>\n<\/ul>\n\n<div style=\"height:100px\" aria-hidden=\"true\" class=\"wp-block-spacer\"><\/div>\n","protected":false},"excerpt":{"rendered":"<p>P\u00e5 Climate Signs hade vi inte mindre \u00e4n 120 solpaneler installerade p\u00e5 taket till v\u00e5r kontorsbyggnad m\u00e5ndagen den 20 februari. Vilka initiativ har du f\u00f6r att f\u00f6rverkliga en h\u00e5llbar och cirkul\u00e4r framtid? Kanske b\u00f6rjar det f\u00f6r dig genom att k\u00f6pa v\u00e5ra biobaserade trafikskyltar?  <\/p>\n<p>Vi \u00e4r stolta \u00f6ver v\u00e5r fordonsflotta, till vilken vi k\u00f6per in allt fler elbussar. D\u00e4rf\u00f6r kommer det v\u00e4l till pass att vi fr\u00e5n och med nu kan k\u00f6ra dem p\u00e5 gr\u00f6n el som genereras av v\u00e5ra egna solpaneler! <\/p>\n","protected":false},"author":1,"featured_media":5716,"comment_status":"open","ping_status":"open","sticky":false,"template":"","format":"standard","meta":{"_gspb_post_css":"","footnotes":""},"categories":[613],"tags":[],"class_list":["post-5683","post","type-post","status-publish","format-standard","has-post-thumbnail","hentry","category-vagmarken"],"_links":{"self":[{"href":"https:\/\/www.climatesigns.nl\/sv\/wp-json\/wp\/v2\/posts\/5683","targetHints":{"allow":["GET"]}}],"collection":[{"href":"https:\/\/www.climatesigns.nl\/sv\/wp-json\/wp\/v2\/posts"}],"about":[{"href":"https:\/\/www.climatesigns.nl\/sv\/wp-json\/wp\/v2\/types\/post"}],"author":[{"embeddable":true,"href":"https:\/\/www.climatesigns.nl\/sv\/wp-json\/wp\/v2\/users\/1"}],"replies":[{"embeddable":true,"href":"https:\/\/www.climatesigns.nl\/sv\/wp-json\/wp\/v2\/comments?post=5683"}],"version-history":[{"count":2,"href":"https:\/\/www.climatesigns.nl\/sv\/wp-json\/wp\/v2\/posts\/5683\/revisions"}],"predecessor-version":[{"id":5722,"href":"https:\/\/www.climatesigns.nl\/sv\/wp-json\/wp\/v2\/posts\/5683\/revisions\/5722"}],"wp:featuredmedia":[{"embeddable":true,"href":"https:\/\/www.climatesigns.nl\/sv\/wp-json\/wp\/v2\/media\/5716"}],"wp:attachment":[{"href":"https:\/\/www.climatesigns.nl\/sv\/wp-json\/wp\/v2\/media?parent=5683"}],"wp:term":[{"taxonomy":"category","embeddable":true,"href":"https:\/\/www.climatesigns.nl\/sv\/wp-json\/wp\/v2\/categories?post=5683"},{"taxonomy":"post_tag","embeddable":true,"href":"https:\/\/www.climatesigns.nl\/sv\/wp-json\/wp\/v2\/tags?post=5683"}],"curies":[{"name":"wp","href":"https:\/\/api.w.org\/{rel}","templated":true}]}}